{"id":6777,"date":"2018-09-22T11:00:35","date_gmt":"2018-09-22T09:00:35","guid":{"rendered":"http:\/\/pakosc-kalwaria.franciszkanie.net\/?p=6777"},"modified":"2018-09-27T11:23:58","modified_gmt":"2018-09-27T09:23:58","slug":"komunikat-380-zebrania-plenarnego-konferencji-episkopatu-polski","status":"publish","type":"post","link":"https:\/\/pakosc-kalwaria.franciszkanie.net\/index.php\/2018\/09\/22\/komunikat-380-zebrania-plenarnego-konferencji-episkopatu-polski\/","title":{"rendered":"Komunikat z 380. Zebrania Plenarnego Konferencji Episkopatu Polski"},"content":{"rendered":"<p>W dniach 25-26 wrze\u015bnia 2018 r. w P\u0142ocku mia\u0142o miejsce Zebranie Plenarne Konferencji Episkopatu Polski. Obradami kierowa\u0142 abp Stanis\u0142aw G\u0105decki, przewodnicz\u0105cy Konferencji Episkopatu Polski. Na pocz\u0105tku obrad s\u0142owo do ksi\u0119\u017cy biskup\u00f3w skierowa\u0142 abp Salvatore Pennacchio, Nuncjusz Apostolski w Polsce. W trakcie zebrania plenarnego biskupi modlili si\u0119 w intencji Papie\u017ca Franciszka, nawiedzaj\u0105cego z apostolsk\u0105 pos\u0142ug\u0105 kraje ba\u0142tyckie.<\/p>\n<p>Biskupi wyra\u017caj\u0105 wdzi\u0119czno\u015b\u0107 bp. Piotrowi Liberze i Diecezji P\u0142ockiej za zaproszenie i bardzo go\u015bcinne przyj\u0119cie w P\u0142ocku, w Roku \u015bw. Stanis\u0142awa Kostki, pochodz\u0105cego z tej diecezji, patrona Polski oraz dzieci i m\u0142odzie\u017cy.<\/p>\n<p>1.W trosce o odpowiedzialn\u0105 i dojrza\u0142\u0105 s\u0142u\u017cb\u0119 m\u0142odym w Ko\u015bciele, biskupi podj\u0119li refleksj\u0119 nad \u015bwiadectwem \u017cycia i \u015bwi\u0119to\u015bci \u015bw. Stanis\u0142awa Kostki oraz nad aktualnymi wyzwaniami stoj\u0105cymi przed duszpasterstwem m\u0142odzie\u017cy. W zwi\u0105zku z tym zapoznano si\u0119 z opisem warunk\u00f3w \u017cycia m\u0142odych Polak\u00f3w i ich oczekiwaniami wobec inicjatyw Ko\u015bcio\u0142a. Zosta\u0142a te\u017c przedstawiona analiza r\u00f3\u017cnych form duszpasterskiej troski o m\u0142odzie\u017c w Polsce, dzi\u0119ki kt\u00f3rym liczne grono m\u0142odych \u2013 poprzez zaanga\u017cowanie duchownych i \u015bwieckich \u2013 odkrywa oraz rozwija swoje uczestnictwo we wsp\u00f3lnocie Ko\u015bcio\u0142a i w spo\u0142ecze\u0144stwie. Zaprezentowano biskupom r\u00f3wnie\u017c tematyk\u0119 wyst\u0105pie\u0144, kt\u00f3re zostan\u0105 przedstawione przez Episkopat Polski na Synodzie Biskup\u00f3w w Rzymie. Wyst\u0105pienia b\u0119d\u0105 porusza\u0142y kwestie dotycz\u0105ce wp\u0142ywu ideologii ponowoczesno\u015bci na m\u0142odych, konieczno\u015bci ewangelizacji m\u0142odzie\u017cy oraz odpowiedzialno\u015bci za dotarcie do nich poprzez szkolne lekcje religii i formy zaanga\u017cowania sportowego.<\/p>\n<p>2. Biskupi zaj\u0119li si\u0119 duszpasterstwem rodzin, kt\u00f3re w zmieniaj\u0105cym si\u0119 \u015bwiecie jest podstawow\u0105 trosk\u0105 Ko\u015bcio\u0142a. Przypomniano pe\u0142ne nadziei i rado\u015bci przes\u0142anie Ojca \u015awi\u0119tego Franciszka ze \u015awiatowego Spotkania Rodzin w Irlandii. Biskupi podkre\u015blili, \u017ce ma\u0142\u017ce\u0144stwo oparte na prawie naturalnym, jako zwi\u0105zek kobiety i m\u0119\u017cczyzny, otwarte na \u017cycie i silne Bogiem jest drog\u0105 do rozwoju cz\u0142owieka, umocnienia Ko\u015bcio\u0142a i odnowy Ojczyzny. Natomiast z niepokojem odnotowano pr\u00f3by indoktrynacji dzieci i m\u0142odzie\u017cy w ramach r\u00f3\u017cnorodnych projekt\u00f3w ideologii <em>gender<\/em>. Biskupi kieruj\u0105 pro\u015bb\u0119 do rodzic\u00f3w, aby czuwali nad wychowaniem dzieci w szko\u0142ach i innych plac\u00f3wkach wychowawczych. Zaproponowali r\u00f3wnie\u017c, aby Niedziela \u015awi\u0119tej Rodziny by\u0142a dniem modlitw o \u015bwi\u0119to\u015b\u0107 ma\u0142\u017ce\u0144stw i rodzin. Zach\u0119cili, by w tym dniu w parafiach umo\u017cliwi\u0107 wiernym odnowienie przyrzecze\u0144 ma\u0142\u017ce\u0144skich.<\/p>\n<p>3. Dzieci i m\u0142odzie\u017c s\u0105 sta\u0142\u0105 trosk\u0105 Ko\u015bcio\u0142a, kt\u00f3ra wymaga m.in. dzia\u0142a\u0144 maj\u0105cych na celu ochron\u0119 ma\u0142oletnich przed nadu\u017cyciami. Stanowisko w tej sprawie jest ci\u0105gle aktualne i niezmienne: zero tolerancji dla grzechu i przest\u0119pstwa pedofilii w Ko\u015bciele i w spo\u0142ecze\u0144stwie. Podczas ostatniej sesji Rady Biskup\u00f3w Diecezjalnych w sierpniu br., jak i podczas obecnego zebrania plenarnego, pasterze Ko\u015bcio\u0142a w\u00a0 Polsce jeszcze raz potwierdzili swoj\u0105 zdecydowan\u0105 wol\u0119 walki z tym grzechem i przest\u0119pstwem, podkre\u015blaj\u0105c konieczno\u015b\u0107 troski o ofiary i potrzeb\u0119 budowania kultury zdolnej do zapobiegania takim czynom.\u00a0Obecna sytuacja \u2013 zgodnie ze wskazaniem papie\u017ca Franciszka wyra\u017conym w Li\u015bcie do Ludu Bo\u017cego z 18 sierpnia 2018 r. \u2013 wymaga kontynuacji dzia\u0142a\u0144.\u00a0W zwi\u0105zku z tym w diecezjach prowadzone s\u0105 prace nad programem prewencji nadu\u017cy\u0107 wzgl\u0119dem nieletnich. Obejmie on poszczeg\u00f3lne sektory i osoby nimi kieruj\u0105ce: duszpasterstwo rodzin, wydzia\u0142y katechetyczne, szko\u0142y i przedszkola katolickie, wydzia\u0142y duszpasterskie, Caritas, seminaria duchowne i formacj\u0119 permanentn\u0105 kap\u0142an\u00f3w. Kontynuowane s\u0105 szkolenia zwi\u0105zane z t\u0105 tematyk\u0105. Ponadto biskupi podj\u0119li decyzj\u0119 o zebraniu danych statystycznych na temat tych nadu\u017cy\u0107.<\/p>\n<p>Episkopat Polski od wielu lat podejmuje prace, kt\u00f3rych celem jest zdecydowane postawienie tamy nadu\u017cyciom wobec dzieci i m\u0142odzie\u017cy. Opracowane zosta\u0142y zasady reagowania na z\u0142o. Wiarygodne zg\u0142oszenia obejmowane s\u0105 dochodzeniem wst\u0119pnym, a ich wyniki przekazywane do Watyka\u0144skiej Kongregacji Nauki Wiary. Post\u0119powanie w tej kwestii jest r\u00f3wnie\u017c zgodne z obowi\u0105zuj\u0105cym prawem pa\u0144stwowym. W kontek\u015bcie za\u015b Listu do Ludu Bo\u017cego Papie\u017ca Franciszka, Konferencja Episkopatu Polski przygotowuje na koniec listopada dokument ukazuj\u0105cy dzia\u0142ania dotycz\u0105ce ochrony dzieci i m\u0142odzie\u017cy w Polsce.<\/p>\n<p>4.Dnia 16 pa\u017adziernika br. b\u0119dziemy obchodzi\u0107 40. rocznic\u0119 wyboru kard. Karola Wojty\u0142y na papie\u017ca. Szczeg\u00f3lnie w tym dniu zach\u0119camy do dzi\u0119kowania Panu Bogu za pontyfikat \u015bw. Jana Paw\u0142a II oraz do modlitwy w intencjach Papie\u017ca Franciszka i ca\u0142ego Ko\u015bcio\u0142a katolickiego.<\/p>\n<p>W roku 100-lecia odzyskania niepodleg\u0142o\u015bci, biskupi b\u0142ogos\u0142awi\u0105 Polakom w kraju i za granic\u0105, powierzaj\u0105c Maryi Stolicy M\u0105dro\u015bci, student\u00f3w i wyk\u0142adowc\u00f3w, kt\u00f3rzy rozpoczynaj\u0105 nowy rok akademicki. Jednocze\u015bnie zach\u0119caj\u0105 do modlitwy r\u00f3\u017ca\u0144cowej, szczeg\u00f3lnie podczas zbli\u017caj\u0105cych si\u0119 nabo\u017ce\u0144stw pa\u017adziernikowych.<\/p>\n<p>Podpisali:\u00a0<em>Pasterze Ko\u015bcio\u0142a katolickiego w Polsce\u00a0 <\/em><br \/>\n<em>obecni na 380. Zebraniu Plenarnym Konferencji Episkopatu Polski<\/em><\/p>\n","protected":false},"excerpt":{"rendered":"<p>W dniach 25-26 wrze\u015bnia 2018 r. w P\u0142ocku mia\u0142o miejsce Zebranie Plenarne Konferencji Episkopatu Polski. Obradami kierowa\u0142 abp Stanis\u0142aw G\u0105decki, przewodnicz\u0105cy Konferencji Episkopatu Polski. Na pocz\u0105tku obrad s\u0142owo do ksi\u0119\u017cy biskup\u00f3w skierowa\u0142 abp Salvatore Pennacchio, Nuncjusz Apostolski w Polsce. W trakcie zebrania plenarnego biskupi modlili si\u0119 w intencji Papie\u017ca Franciszka, nawiedzaj\u0105cego z apostolsk\u0105 pos\u0142ug\u0105 kraje &hellip;<\/p>\n","protected":false},"author":2,"featured_media":6441,"comment_status":"closed","ping_status":"open","sticky":false,"template":"","format":"standard","meta":{"_mi_skip_tracking":false,"_exactmetrics_sitenote_active":false,"_exactmetrics_sitenote_note":"","_exactmetrics_sitenote_category":0},"categories":[1],"tags":[],"yoast_head":"<!-- This site is optimized with the Yoast SEO plugin v18.1 - https:\/\/yoast.com\/wordpress\/plugins\/seo\/ -->\n<title>Komunikat z 380. Zebrania Plenarnego Konferencji Episkopatu Polski - Pako\u015b\u0107 \u2013 Kalwaria<\/title>\n<meta name=\"robots\" content=\"index, follow, max-snippet:-1, max-image-preview:large, max-video-preview:-1\" \/>\n<link rel=\"canonical\" href=\"https:\/\/pakosc-kalwaria.franciszkanie.net\/index.php\/2018\/09\/22\/komunikat-380-zebrania-plenarnego-konferencji-episkopatu-polski\/\" \/>\n<meta property=\"og:locale\" content=\"pl_PL\" \/>\n<meta property=\"og:type\" content=\"article\" \/>\n<meta property=\"og:title\" content=\"Komunikat z 380. Zebrania Plenarnego Konferencji Episkopatu Polski - Pako\u015b\u0107 \u2013 Kalwaria\" \/>\n<meta property=\"og:description\" content=\"W dniach 25-26 wrze\u015bnia 2018 r. w P\u0142ocku mia\u0142o miejsce Zebranie Plenarne Konferencji Episkopatu Polski. Obradami kierowa\u0142 abp Stanis\u0142aw G\u0105decki, przewodnicz\u0105cy Konferencji Episkopatu Polski. Na pocz\u0105tku obrad s\u0142owo do ksi\u0119\u017cy biskup\u00f3w skierowa\u0142 abp Salvatore Pennacchio, Nuncjusz Apostolski w Polsce. W trakcie zebrania plenarnego biskupi modlili si\u0119 w intencji Papie\u017ca Franciszka, nawiedzaj\u0105cego z apostolsk\u0105 pos\u0142ug\u0105 kraje &hellip;\" \/>\n<meta property=\"og:url\" content=\"https:\/\/pakosc-kalwaria.franciszkanie.net\/index.php\/2018\/09\/22\/komunikat-380-zebrania-plenarnego-konferencji-episkopatu-polski\/\" \/>\n<meta property=\"og:site_name\" content=\"Pako\u015b\u0107 \u2013 Kalwaria\" \/>\n<meta property=\"article:author\" content=\"https:\/\/www.facebook.com\/KalwariaPakosc\/\" \/>\n<meta property=\"article:published_time\" content=\"2018-09-22T09:00:35+00:00\" \/>\n<meta property=\"article:modified_time\" content=\"2018-09-27T09:23:58+00:00\" \/>\n<meta property=\"og:image\" content=\"https:\/\/pakosc-kalwaria.franciszkanie.net\/wp-content\/uploads\/2018\/07\/KEPlogo_nowe.jpg\" \/>\n\t<meta property=\"og:image:width\" content=\"250\" \/>\n\t<meta property=\"og:image:height\" content=\"248\" \/>\n\t<meta property=\"og:image:type\" content=\"image\/jpeg\" \/>\n<meta name=\"twitter:card\" content=\"summary\" \/>\n<meta name=\"twitter:label1\" content=\"Napisane przez\" \/>\n\t<meta name=\"twitter:data1\" content=\"pakosc-kalwaria\" \/>\n\t<meta name=\"twitter:label2\" content=\"Szacowany czas czytania\" \/>\n\t<meta name=\"twitter:data2\" content=\"4 minuty\" \/>\n<script type=\"application\/ld+json\" class=\"yoast-schema-graph\">{\"@context\":\"https:\/\/schema.org\",\"@graph\":[{\"@type\":\"WebSite\",\"@id\":\"https:\/\/pakosc-kalwaria.franciszkanie.net\/#website\",\"url\":\"https:\/\/pakosc-kalwaria.franciszkanie.net\/\",\"name\":\"Pako\u015b\u0107 \u2013 Kalwaria\",\"description\":\"Parafia Rzymsko \u2013 Katolicka p.w. Pana Jezusa Ukrzy\u017cowanego i  Matki Bo\u017cej Bolesnej ul. Barci\u0144ska 60, 88\u2013170 Pako\u015b\u0107 \u2013 Kalwaria\",\"potentialAction\":[{\"@type\":\"SearchAction\",\"target\":{\"@type\":\"EntryPoint\",\"urlTemplate\":\"https:\/\/pakosc-kalwaria.franciszkanie.net\/?s={search_term_string}\"},\"query-input\":\"required name=search_term_string\"}],\"inLanguage\":\"pl-PL\"},{\"@type\":\"ImageObject\",\"@id\":\"https:\/\/pakosc-kalwaria.franciszkanie.net\/index.php\/2018\/09\/22\/komunikat-380-zebrania-plenarnego-konferencji-episkopatu-polski\/#primaryimage\",\"inLanguage\":\"pl-PL\",\"url\":\"https:\/\/pakosc-kalwaria.franciszkanie.net\/wp-content\/uploads\/2018\/07\/KEPlogo_nowe.jpg\",\"contentUrl\":\"https:\/\/pakosc-kalwaria.franciszkanie.net\/wp-content\/uploads\/2018\/07\/KEPlogo_nowe.jpg\",\"width\":250,\"height\":248},{\"@type\":\"WebPage\",\"@id\":\"https:\/\/pakosc-kalwaria.franciszkanie.net\/index.php\/2018\/09\/22\/komunikat-380-zebrania-plenarnego-konferencji-episkopatu-polski\/#webpage\",\"url\":\"https:\/\/pakosc-kalwaria.franciszkanie.net\/index.php\/2018\/09\/22\/komunikat-380-zebrania-plenarnego-konferencji-episkopatu-polski\/\",\"name\":\"Komunikat z 380. Zebrania Plenarnego Konferencji Episkopatu Polski - Pako\u015b\u0107 \u2013 Kalwaria\",\"isPartOf\":{\"@id\":\"https:\/\/pakosc-kalwaria.franciszkanie.net\/#website\"},\"primaryImageOfPage\":{\"@id\":\"https:\/\/pakosc-kalwaria.franciszkanie.net\/index.php\/2018\/09\/22\/komunikat-380-zebrania-plenarnego-konferencji-episkopatu-polski\/#primaryimage\"},\"datePublished\":\"2018-09-22T09:00:35+00:00\",\"dateModified\":\"2018-09-27T09:23:58+00:00\",\"author\":{\"@id\":\"https:\/\/pakosc-kalwaria.franciszkanie.net\/#\/schema\/person\/af10b943be0760709227d060eadcb2aa\"},\"breadcrumb\":{\"@id\":\"https:\/\/pakosc-kalwaria.franciszkanie.net\/index.php\/2018\/09\/22\/komunikat-380-zebrania-plenarnego-konferencji-episkopatu-polski\/#breadcrumb\"},\"inLanguage\":\"pl-PL\",\"potentialAction\":[{\"@type\":\"ReadAction\",\"target\":[\"https:\/\/pakosc-kalwaria.franciszkanie.net\/index.php\/2018\/09\/22\/komunikat-380-zebrania-plenarnego-konferencji-episkopatu-polski\/\"]}]},{\"@type\":\"BreadcrumbList\",\"@id\":\"https:\/\/pakosc-kalwaria.franciszkanie.net\/index.php\/2018\/09\/22\/komunikat-380-zebrania-plenarnego-konferencji-episkopatu-polski\/#breadcrumb\",\"itemListElement\":[{\"@type\":\"ListItem\",\"position\":1,\"name\":\"Strona g\u0142\u00f3wna\",\"item\":\"https:\/\/pakosc-kalwaria.franciszkanie.net\/\"},{\"@type\":\"ListItem\",\"position\":2,\"name\":\"Komunikat z 380. Zebrania Plenarnego Konferencji Episkopatu Polski\"}]},{\"@type\":\"Person\",\"@id\":\"https:\/\/pakosc-kalwaria.franciszkanie.net\/#\/schema\/person\/af10b943be0760709227d060eadcb2aa\",\"name\":\"pakosc-kalwaria\",\"image\":{\"@type\":\"ImageObject\",\"@id\":\"https:\/\/pakosc-kalwaria.franciszkanie.net\/#personlogo\",\"inLanguage\":\"pl-PL\",\"url\":\"https:\/\/secure.gravatar.com\/avatar\/e7049d338b55eac6a0027ff3218b8d02?s=96&d=mm&r=g\",\"contentUrl\":\"https:\/\/secure.gravatar.com\/avatar\/e7049d338b55eac6a0027ff3218b8d02?s=96&d=mm&r=g\",\"caption\":\"pakosc-kalwaria\"},\"sameAs\":[\"https:\/\/www.facebook.com\/KalwariaPakosc\/\"],\"url\":\"https:\/\/pakosc-kalwaria.franciszkanie.net\/index.php\/author\/pakosc-kalwaria\/\"}]}<\/script>\n<!-- \/ Yoast SEO plugin. -->","yoast_head_json":{"title":"Komunikat z 380. Zebrania Plenarnego Konferencji Episkopatu Polski - Pako\u015b\u0107 \u2013 Kalwaria","robots":{"index":"index","follow":"follow","max-snippet":"max-snippet:-1","max-image-preview":"max-image-preview:large","max-video-preview":"max-video-preview:-1"},"canonical":"https:\/\/pakosc-kalwaria.franciszkanie.net\/index.php\/2018\/09\/22\/komunikat-380-zebrania-plenarnego-konferencji-episkopatu-polski\/","og_locale":"pl_PL","og_type":"article","og_title":"Komunikat z 380. Zebrania Plenarnego Konferencji Episkopatu Polski - Pako\u015b\u0107 \u2013 Kalwaria","og_description":"W dniach 25-26 wrze\u015bnia 2018 r. w P\u0142ocku mia\u0142o miejsce Zebranie Plenarne Konferencji Episkopatu Polski. Obradami kierowa\u0142 abp Stanis\u0142aw G\u0105decki, przewodnicz\u0105cy Konferencji Episkopatu Polski. Na pocz\u0105tku obrad s\u0142owo do ksi\u0119\u017cy biskup\u00f3w skierowa\u0142 abp Salvatore Pennacchio, Nuncjusz Apostolski w Polsce. W trakcie zebrania plenarnego biskupi modlili si\u0119 w intencji Papie\u017ca Franciszka, nawiedzaj\u0105cego z apostolsk\u0105 pos\u0142ug\u0105 kraje &hellip;","og_url":"https:\/\/pakosc-kalwaria.franciszkanie.net\/index.php\/2018\/09\/22\/komunikat-380-zebrania-plenarnego-konferencji-episkopatu-polski\/","og_site_name":"Pako\u015b\u0107 \u2013 Kalwaria","article_author":"https:\/\/www.facebook.com\/KalwariaPakosc\/","article_published_time":"2018-09-22T09:00:35+00:00","article_modified_time":"2018-09-27T09:23:58+00:00","og_image":[{"width":250,"height":248,"url":"https:\/\/pakosc-kalwaria.franciszkanie.net\/wp-content\/uploads\/2018\/07\/KEPlogo_nowe.jpg","type":"image\/jpeg"}],"twitter_card":"summary","twitter_misc":{"Napisane przez":"pakosc-kalwaria","Szacowany czas czytania":"4 minuty"},"schema":{"@context":"https:\/\/schema.org","@graph":[{"@type":"WebSite","@id":"https:\/\/pakosc-kalwaria.franciszkanie.net\/#website","url":"https:\/\/pakosc-kalwaria.franciszkanie.net\/","name":"Pako\u015b\u0107 \u2013 Kalwaria","description":"Parafia Rzymsko \u2013 Katolicka p.w. Pana Jezusa Ukrzy\u017cowanego i  Matki Bo\u017cej Bolesnej ul. Barci\u0144ska 60, 88\u2013170 Pako\u015b\u0107 \u2013 Kalwaria","potentialAction":[{"@type":"SearchAction","target":{"@type":"EntryPoint","urlTemplate":"https:\/\/pakosc-kalwaria.franciszkanie.net\/?s={search_term_string}"},"query-input":"required name=search_term_string"}],"inLanguage":"pl-PL"},{"@type":"ImageObject","@id":"https:\/\/pakosc-kalwaria.franciszkanie.net\/index.php\/2018\/09\/22\/komunikat-380-zebrania-plenarnego-konferencji-episkopatu-polski\/#primaryimage","inLanguage":"pl-PL","url":"https:\/\/pakosc-kalwaria.franciszkanie.net\/wp-content\/uploads\/2018\/07\/KEPlogo_nowe.jpg","contentUrl":"https:\/\/pakosc-kalwaria.franciszkanie.net\/wp-content\/uploads\/2018\/07\/KEPlogo_nowe.jpg","width":250,"height":248},{"@type":"WebPage","@id":"https:\/\/pakosc-kalwaria.franciszkanie.net\/index.php\/2018\/09\/22\/komunikat-380-zebrania-plenarnego-konferencji-episkopatu-polski\/#webpage","url":"https:\/\/pakosc-kalwaria.franciszkanie.net\/index.php\/2018\/09\/22\/komunikat-380-zebrania-plenarnego-konferencji-episkopatu-polski\/","name":"Komunikat z 380. Zebrania Plenarnego Konferencji Episkopatu Polski - Pako\u015b\u0107 \u2013 Kalwaria","isPartOf":{"@id":"https:\/\/pakosc-kalwaria.franciszkanie.net\/#website"},"primaryImageOfPage":{"@id":"https:\/\/pakosc-kalwaria.franciszkanie.net\/index.php\/2018\/09\/22\/komunikat-380-zebrania-plenarnego-konferencji-episkopatu-polski\/#primaryimage"},"datePublished":"2018-09-22T09:00:35+00:00","dateModified":"2018-09-27T09:23:58+00:00","author":{"@id":"https:\/\/pakosc-kalwaria.franciszkanie.net\/#\/schema\/person\/af10b943be0760709227d060eadcb2aa"},"breadcrumb":{"@id":"https:\/\/pakosc-kalwaria.franciszkanie.net\/index.php\/2018\/09\/22\/komunikat-380-zebrania-plenarnego-konferencji-episkopatu-polski\/#breadcrumb"},"inLanguage":"pl-PL","potentialAction":[{"@type":"ReadAction","target":["https:\/\/pakosc-kalwaria.franciszkanie.net\/index.php\/2018\/09\/22\/komunikat-380-zebrania-plenarnego-konferencji-episkopatu-polski\/"]}]},{"@type":"BreadcrumbList","@id":"https:\/\/pakosc-kalwaria.franciszkanie.net\/index.php\/2018\/09\/22\/komunikat-380-zebrania-plenarnego-konferencji-episkopatu-polski\/#breadcrumb","itemListElement":[{"@type":"ListItem","position":1,"name":"Strona g\u0142\u00f3wna","item":"https:\/\/pakosc-kalwaria.franciszkanie.net\/"},{"@type":"ListItem","position":2,"name":"Komunikat z 380. Zebrania Plenarnego Konferencji Episkopatu Polski"}]},{"@type":"Person","@id":"https:\/\/pakosc-kalwaria.franciszkanie.net\/#\/schema\/person\/af10b943be0760709227d060eadcb2aa","name":"pakosc-kalwaria","image":{"@type":"ImageObject","@id":"https:\/\/pakosc-kalwaria.franciszkanie.net\/#personlogo","inLanguage":"pl-PL","url":"https:\/\/secure.gravatar.com\/avatar\/e7049d338b55eac6a0027ff3218b8d02?s=96&d=mm&r=g","contentUrl":"https:\/\/secure.gravatar.com\/avatar\/e7049d338b55eac6a0027ff3218b8d02?s=96&d=mm&r=g","caption":"pakosc-kalwaria"},"sameAs":["https:\/\/www.facebook.com\/KalwariaPakosc\/"],"url":"https:\/\/pakosc-kalwaria.franciszkanie.net\/index.php\/author\/pakosc-kalwaria\/"}]}},"_links":{"self":[{"href":"https:\/\/pakosc-kalwaria.franciszkanie.net\/index.php\/wp-json\/wp\/v2\/posts\/6777"}],"collection":[{"href":"https:\/\/pakosc-kalwaria.franciszkanie.net\/index.php\/wp-json\/wp\/v2\/posts"}],"about":[{"href":"https:\/\/pakosc-kalwaria.franciszkanie.net\/index.php\/wp-json\/wp\/v2\/types\/post"}],"author":[{"embeddable":true,"href":"https:\/\/pakosc-kalwaria.franciszkanie.net\/index.php\/wp-json\/wp\/v2\/users\/2"}],"replies":[{"embeddable":true,"href":"https:\/\/pakosc-kalwaria.franciszkanie.net\/index.php\/wp-json\/wp\/v2\/comments?post=6777"}],"version-history":[{"count":1,"href":"https:\/\/pakosc-kalwaria.franciszkanie.net\/index.php\/wp-json\/wp\/v2\/posts\/6777\/revisions"}],"predecessor-version":[{"id":6778,"href":"https:\/\/pakosc-kalwaria.franciszkanie.net\/index.php\/wp-json\/wp\/v2\/posts\/6777\/revisions\/6778"}],"wp:featuredmedia":[{"embeddable":true,"href":"https:\/\/pakosc-kalwaria.franciszkanie.net\/index.php\/wp-json\/wp\/v2\/media\/6441"}],"wp:attachment":[{"href":"https:\/\/pakosc-kalwaria.franciszkanie.net\/index.php\/wp-json\/wp\/v2\/media?parent=6777"}],"wp:term":[{"taxonomy":"category","embeddable":true,"href":"https:\/\/pakosc-kalwaria.franciszkanie.net\/index.php\/wp-json\/wp\/v2\/categories?post=6777"},{"taxonomy":"post_tag","embeddable":true,"href":"https:\/\/pakosc-kalwaria.franciszkanie.net\/index.php\/wp-json\/wp\/v2\/tags?post=6777"}],"curies":[{"name":"wp","href":"https:\/\/api.w.org\/{rel}","templated":true}]}}