{"id":724,"date":"2015-11-15T19:37:10","date_gmt":"2015-11-15T18:37:10","guid":{"rendered":"http:\/\/pakosc-kalwaria.franciszkanie.net\/?p=724"},"modified":"2016-10-17T20:18:15","modified_gmt":"2016-10-17T18:18:15","slug":"40-lecie-parafii-pakosc-kalwaria","status":"publish","type":"post","link":"https:\/\/pakosc-kalwaria.franciszkanie.net\/index.php\/2015\/11\/15\/40-lecie-parafii-pakosc-kalwaria\/","title":{"rendered":"40-lecie Parafii &#8211; Pako\u015b\u0107 Kalwaria 2015"},"content":{"rendered":"<p>Dnia 15 listopada 1975 roku \u00f3wczesny arcybiskup gnie\u017anie\u0144ski i warszawski Prymas Polski Jego ekscelencja Kardyna\u0142 Stefan Wyszy\u0144ski erygowa\u0142 przy Ko\u015bciele kalwaryjskim parafi\u0119 p.w. Pana Jezusa Ukrzy\u017cowanego I Naj\u015bwi\u0119tszej Maryi Panny Bolesnej. I oto w\u00a0nie\u00addziel\u0119 15 listopada 2015 roku po czterdziestu latach od erygowania parafii wierni, parafianie, dobroczy\u0144cy sympatycy tego miejsca Kalwarii i Klasztoru zgromadzili si\u0119 na uroczystej Mszy \u015awi\u0119tej sprawowanej przez by\u0142ych proboszcz\u00f3w i kap\u0142an\u00f3w, kt\u00f3rzy pracowali na kalwaryjskim wzg\u00f3rzu. Mszy \u015aw. przewodniczy\u0142 obecny proboszcz o. Ireneusz G\u0142\u00f3wczewski a S\u0142owo Bo\u017ce wyg\u0142osi\u0142 ojciec rektor naszego Wy\u017cszego Seminarium Duchownego we Wronkach O. dr Kamil Paczkowski. Na uroczysto\u00ad\u015bci jubile\u00aduszowe przybyli do naszej parafii i swoj\u0105 obecno\u015bci\u0105 u\u015bwietnili to wydarzenie : Wieloletni gwardian Klasztoru w Pako\u015bci Ojciec Jakub Kubica pracuj\u0105cy na codzie\u0144 w klasztorze we Wieluniu, Ojciec Damazy Wyroba z Kobylina, ojciec Gabriel Kili\u0144ski z Gda\u0144ska Nowego Portu, honorowy obywatel miasta Pako\u015bci, Ojciec Gerwazy Biernat z Wejherowa, ks. Piotr Dunst (o. Sylweriusz) zobecnie pracuj\u0105cy w diecezji Pelpli\u0144skiej, ojciec Dacjan Marczak by\u0142y Kustosz i Gwardian klasztoru w Pako\u015bci, obecny Gwardian Kustosz i proboszcz parafi \u015bw. Bonawentury ojciec Natalis Walkowiak, a tak\u017ce pochodz\u0105cy z naszej parafii Ojciec Korneliusz Mrozi\u0144ski. W\u015br\u00f3d gosci kap\u0142an\u00f3w msz\u0119 \u015bw. celebrowali Ojciec Chryzostom Fryc przeo\u017cony Klasztoru w Sinalundze oraz ks. Roman Zaborowski. Zaproszeni zostali wszyscy \u017cyj\u0105cy proboszczowie i kap\u0142ani pracuj\u0105cy i pochodz\u0105cy z naszej parafii niestety wielu z nich ze wzgl\u0119du na wiek, ale i na stan zdrowia, a tak\u017ce i na wykonywane obowi\u0105zki nie mog\u0142o przyby\u0107: Ojciec Leon Wojsyk pierwszy prze\u0142o\u017cony braci na Kalwarii, Ojciec Konstanty Saternus, ojciec Pacyfik Gawlik, ojciec Anatol Makosz, br. Dominik Za\u0142ucki, ojciec Urban Pude\u0142ko i ojciec Kalikst Salak.. Modlitw\u0105 ogarniali\u015bmy tak\u017ce zmar\u0142ych wsp\u00f3\u0142braci kt\u00f3rzy u\u015bwi\u0119cali si\u0119 na tym miejscu a w szczeg\u00f3lno\u015bci pierwszego proboszcza na Kalwarii o Klaudiusza Grzeszczaka. Uroczysto\u015b\u0107 przebieg\u0142a we wspania\u0142ej modlitewnej atmosferze a obecno\u015b\u0107 tak wielu ludzi na Mszy \u015awi\u0119tej \u015bwiadczy o umi\u0142owaniu tego miejsca, naszej pakoskiej Kalwarii.<\/p>\n","protected":false},"excerpt":{"rendered":"<p>Dnia 15 listopada 1975 roku \u00f3wczesny arcybiskup gnie\u017anie\u0144ski i warszawski Prymas Polski Jego ekscelencja Kardyna\u0142 Stefan Wyszy\u0144ski erygowa\u0142 przy Ko\u015bciele kalwaryjskim parafi\u0119 p.w. Pana Jezusa Ukrzy\u017cowanego I Naj\u015bwi\u0119tszej Maryi Panny Bolesnej. I oto w\u00a0nie\u00addziel\u0119 15 listopada 2015 roku po czterdziestu latach od erygowania parafii wierni, parafianie, dobroczy\u0144cy sympatycy tego miejsca Kalwarii i Klasztoru zgromadzili si\u0119 &hellip;<\/p>\n","protected":false},"author":2,"featured_media":725,"comment_status":"closed","ping_status":"open","sticky":false,"template":"","format":"standard","meta":{"_mi_skip_tracking":false,"_exactmetrics_sitenote_active":false,"_exactmetrics_sitenote_note":"","_exactmetrics_sitenote_category":0},"categories":[1],"tags":[],"yoast_head":"<!-- This site is optimized with the Yoast SEO plugin v18.1 - https:\/\/yoast.com\/wordpress\/plugins\/seo\/ -->\n<title>40-lecie Parafii - Pako\u015b\u0107 Kalwaria 2015 - Pako\u015b\u0107 \u2013 Kalwaria<\/title>\n<meta name=\"robots\" content=\"index, follow, max-snippet:-1, max-image-preview:large, max-video-preview:-1\" \/>\n<link rel=\"canonical\" href=\"https:\/\/pakosc-kalwaria.franciszkanie.net\/index.php\/2015\/11\/15\/40-lecie-parafii-pakosc-kalwaria\/\" \/>\n<meta property=\"og:locale\" content=\"pl_PL\" \/>\n<meta property=\"og:type\" content=\"article\" \/>\n<meta property=\"og:title\" content=\"40-lecie Parafii - Pako\u015b\u0107 Kalwaria 2015 - Pako\u015b\u0107 \u2013 Kalwaria\" \/>\n<meta property=\"og:description\" content=\"Dnia 15 listopada 1975 roku \u00f3wczesny arcybiskup gnie\u017anie\u0144ski i warszawski Prymas Polski Jego ekscelencja Kardyna\u0142 Stefan Wyszy\u0144ski erygowa\u0142 przy Ko\u015bciele kalwaryjskim parafi\u0119 p.w. Pana Jezusa Ukrzy\u017cowanego I Naj\u015bwi\u0119tszej Maryi Panny Bolesnej. I oto w\u00a0nie\u00addziel\u0119 15 listopada 2015 roku po czterdziestu latach od erygowania parafii wierni, parafianie, dobroczy\u0144cy sympatycy tego miejsca Kalwarii i Klasztoru zgromadzili si\u0119 &hellip;\" \/>\n<meta property=\"og:url\" content=\"https:\/\/pakosc-kalwaria.franciszkanie.net\/index.php\/2015\/11\/15\/40-lecie-parafii-pakosc-kalwaria\/\" \/>\n<meta property=\"og:site_name\" content=\"Pako\u015b\u0107 \u2013 Kalwaria\" \/>\n<meta property=\"article:author\" content=\"https:\/\/www.facebook.com\/KalwariaPakosc\/\" \/>\n<meta property=\"article:published_time\" content=\"2015-11-15T18:37:10+00:00\" \/>\n<meta property=\"article:modified_time\" content=\"2016-10-17T18:18:15+00:00\" \/>\n<meta property=\"og:image\" content=\"https:\/\/pakosc-kalwaria.franciszkanie.net\/wp-content\/uploads\/2016\/10\/gl_151124085147_40lecie_pakosc1.jpg\" \/>\n\t<meta property=\"og:image:width\" content=\"132\" \/>\n\t<meta property=\"og:image:height\" content=\"200\" \/>\n\t<meta property=\"og:image:type\" content=\"image\/jpeg\" \/>\n<meta name=\"twitter:card\" content=\"summary\" \/>\n<meta name=\"twitter:label1\" content=\"Napisane przez\" \/>\n\t<meta name=\"twitter:data1\" content=\"pakosc-kalwaria\" \/>\n\t<meta name=\"twitter:label2\" content=\"Szacowany czas czytania\" \/>\n\t<meta name=\"twitter:data2\" content=\"2 minuty\" \/>\n<script type=\"application\/ld+json\" class=\"yoast-schema-graph\">{\"@context\":\"https:\/\/schema.org\",\"@graph\":[{\"@type\":\"WebSite\",\"@id\":\"https:\/\/pakosc-kalwaria.franciszkanie.net\/#website\",\"url\":\"https:\/\/pakosc-kalwaria.franciszkanie.net\/\",\"name\":\"Pako\u015b\u0107 \u2013 Kalwaria\",\"description\":\"Parafia Rzymsko \u2013 Katolicka p.w. Pana Jezusa Ukrzy\u017cowanego i  Matki Bo\u017cej Bolesnej ul. Barci\u0144ska 60, 88\u2013170 Pako\u015b\u0107 \u2013 Kalwaria\",\"potentialAction\":[{\"@type\":\"SearchAction\",\"target\":{\"@type\":\"EntryPoint\",\"urlTemplate\":\"https:\/\/pakosc-kalwaria.franciszkanie.net\/?s={search_term_string}\"},\"query-input\":\"required name=search_term_string\"}],\"inLanguage\":\"pl-PL\"},{\"@type\":\"ImageObject\",\"@id\":\"https:\/\/pakosc-kalwaria.franciszkanie.net\/index.php\/2015\/11\/15\/40-lecie-parafii-pakosc-kalwaria\/#primaryimage\",\"inLanguage\":\"pl-PL\",\"url\":\"https:\/\/pakosc-kalwaria.franciszkanie.net\/wp-content\/uploads\/2016\/10\/gl_151124085147_40lecie_pakosc1.jpg\",\"contentUrl\":\"https:\/\/pakosc-kalwaria.franciszkanie.net\/wp-content\/uploads\/2016\/10\/gl_151124085147_40lecie_pakosc1.jpg\",\"width\":132,\"height\":200},{\"@type\":\"WebPage\",\"@id\":\"https:\/\/pakosc-kalwaria.franciszkanie.net\/index.php\/2015\/11\/15\/40-lecie-parafii-pakosc-kalwaria\/#webpage\",\"url\":\"https:\/\/pakosc-kalwaria.franciszkanie.net\/index.php\/2015\/11\/15\/40-lecie-parafii-pakosc-kalwaria\/\",\"name\":\"40-lecie Parafii - Pako\u015b\u0107 Kalwaria 2015 - Pako\u015b\u0107 \u2013 Kalwaria\",\"isPartOf\":{\"@id\":\"https:\/\/pakosc-kalwaria.franciszkanie.net\/#website\"},\"primaryImageOfPage\":{\"@id\":\"https:\/\/pakosc-kalwaria.franciszkanie.net\/index.php\/2015\/11\/15\/40-lecie-parafii-pakosc-kalwaria\/#primaryimage\"},\"datePublished\":\"2015-11-15T18:37:10+00:00\",\"dateModified\":\"2016-10-17T18:18:15+00:00\",\"author\":{\"@id\":\"https:\/\/pakosc-kalwaria.franciszkanie.net\/#\/schema\/person\/af10b943be0760709227d060eadcb2aa\"},\"breadcrumb\":{\"@id\":\"https:\/\/pakosc-kalwaria.franciszkanie.net\/index.php\/2015\/11\/15\/40-lecie-parafii-pakosc-kalwaria\/#breadcrumb\"},\"inLanguage\":\"pl-PL\",\"potentialAction\":[{\"@type\":\"ReadAction\",\"target\":[\"https:\/\/pakosc-kalwaria.franciszkanie.net\/index.php\/2015\/11\/15\/40-lecie-parafii-pakosc-kalwaria\/\"]}]},{\"@type\":\"BreadcrumbList\",\"@id\":\"https:\/\/pakosc-kalwaria.franciszkanie.net\/index.php\/2015\/11\/15\/40-lecie-parafii-pakosc-kalwaria\/#breadcrumb\",\"itemListElement\":[{\"@type\":\"ListItem\",\"position\":1,\"name\":\"Strona g\u0142\u00f3wna\",\"item\":\"https:\/\/pakosc-kalwaria.franciszkanie.net\/\"},{\"@type\":\"ListItem\",\"position\":2,\"name\":\"40-lecie Parafii &#8211; Pako\u015b\u0107 Kalwaria 2015\"}]},{\"@type\":\"Person\",\"@id\":\"https:\/\/pakosc-kalwaria.franciszkanie.net\/#\/schema\/person\/af10b943be0760709227d060eadcb2aa\",\"name\":\"pakosc-kalwaria\",\"image\":{\"@type\":\"ImageObject\",\"@id\":\"https:\/\/pakosc-kalwaria.franciszkanie.net\/#personlogo\",\"inLanguage\":\"pl-PL\",\"url\":\"https:\/\/secure.gravatar.com\/avatar\/e7049d338b55eac6a0027ff3218b8d02?s=96&d=mm&r=g\",\"contentUrl\":\"https:\/\/secure.gravatar.com\/avatar\/e7049d338b55eac6a0027ff3218b8d02?s=96&d=mm&r=g\",\"caption\":\"pakosc-kalwaria\"},\"sameAs\":[\"https:\/\/www.facebook.com\/KalwariaPakosc\/\"],\"url\":\"https:\/\/pakosc-kalwaria.franciszkanie.net\/index.php\/author\/pakosc-kalwaria\/\"}]}<\/script>\n<!-- \/ Yoast SEO plugin. -->","yoast_head_json":{"title":"40-lecie Parafii - Pako\u015b\u0107 Kalwaria 2015 - Pako\u015b\u0107 \u2013 Kalwaria","robots":{"index":"index","follow":"follow","max-snippet":"max-snippet:-1","max-image-preview":"max-image-preview:large","max-video-preview":"max-video-preview:-1"},"canonical":"https:\/\/pakosc-kalwaria.franciszkanie.net\/index.php\/2015\/11\/15\/40-lecie-parafii-pakosc-kalwaria\/","og_locale":"pl_PL","og_type":"article","og_title":"40-lecie Parafii - Pako\u015b\u0107 Kalwaria 2015 - Pako\u015b\u0107 \u2013 Kalwaria","og_description":"Dnia 15 listopada 1975 roku \u00f3wczesny arcybiskup gnie\u017anie\u0144ski i warszawski Prymas Polski Jego ekscelencja Kardyna\u0142 Stefan Wyszy\u0144ski erygowa\u0142 przy Ko\u015bciele kalwaryjskim parafi\u0119 p.w. Pana Jezusa Ukrzy\u017cowanego I Naj\u015bwi\u0119tszej Maryi Panny Bolesnej. I oto w\u00a0nie\u00addziel\u0119 15 listopada 2015 roku po czterdziestu latach od erygowania parafii wierni, parafianie, dobroczy\u0144cy sympatycy tego miejsca Kalwarii i Klasztoru zgromadzili si\u0119 &hellip;","og_url":"https:\/\/pakosc-kalwaria.franciszkanie.net\/index.php\/2015\/11\/15\/40-lecie-parafii-pakosc-kalwaria\/","og_site_name":"Pako\u015b\u0107 \u2013 Kalwaria","article_author":"https:\/\/www.facebook.com\/KalwariaPakosc\/","article_published_time":"2015-11-15T18:37:10+00:00","article_modified_time":"2016-10-17T18:18:15+00:00","og_image":[{"width":132,"height":200,"url":"https:\/\/pakosc-kalwaria.franciszkanie.net\/wp-content\/uploads\/2016\/10\/gl_151124085147_40lecie_pakosc1.jpg","type":"image\/jpeg"}],"twitter_card":"summary","twitter_misc":{"Napisane przez":"pakosc-kalwaria","Szacowany czas czytania":"2 minuty"},"schema":{"@context":"https:\/\/schema.org","@graph":[{"@type":"WebSite","@id":"https:\/\/pakosc-kalwaria.franciszkanie.net\/#website","url":"https:\/\/pakosc-kalwaria.franciszkanie.net\/","name":"Pako\u015b\u0107 \u2013 Kalwaria","description":"Parafia Rzymsko \u2013 Katolicka p.w. Pana Jezusa Ukrzy\u017cowanego i  Matki Bo\u017cej Bolesnej ul. Barci\u0144ska 60, 88\u2013170 Pako\u015b\u0107 \u2013 Kalwaria","potentialAction":[{"@type":"SearchAction","target":{"@type":"EntryPoint","urlTemplate":"https:\/\/pakosc-kalwaria.franciszkanie.net\/?s={search_term_string}"},"query-input":"required name=search_term_string"}],"inLanguage":"pl-PL"},{"@type":"ImageObject","@id":"https:\/\/pakosc-kalwaria.franciszkanie.net\/index.php\/2015\/11\/15\/40-lecie-parafii-pakosc-kalwaria\/#primaryimage","inLanguage":"pl-PL","url":"https:\/\/pakosc-kalwaria.franciszkanie.net\/wp-content\/uploads\/2016\/10\/gl_151124085147_40lecie_pakosc1.jpg","contentUrl":"https:\/\/pakosc-kalwaria.franciszkanie.net\/wp-content\/uploads\/2016\/10\/gl_151124085147_40lecie_pakosc1.jpg","width":132,"height":200},{"@type":"WebPage","@id":"https:\/\/pakosc-kalwaria.franciszkanie.net\/index.php\/2015\/11\/15\/40-lecie-parafii-pakosc-kalwaria\/#webpage","url":"https:\/\/pakosc-kalwaria.franciszkanie.net\/index.php\/2015\/11\/15\/40-lecie-parafii-pakosc-kalwaria\/","name":"40-lecie Parafii - Pako\u015b\u0107 Kalwaria 2015 - Pako\u015b\u0107 \u2013 Kalwaria","isPartOf":{"@id":"https:\/\/pakosc-kalwaria.franciszkanie.net\/#website"},"primaryImageOfPage":{"@id":"https:\/\/pakosc-kalwaria.franciszkanie.net\/index.php\/2015\/11\/15\/40-lecie-parafii-pakosc-kalwaria\/#primaryimage"},"datePublished":"2015-11-15T18:37:10+00:00","dateModified":"2016-10-17T18:18:15+00:00","author":{"@id":"https:\/\/pakosc-kalwaria.franciszkanie.net\/#\/schema\/person\/af10b943be0760709227d060eadcb2aa"},"breadcrumb":{"@id":"https:\/\/pakosc-kalwaria.franciszkanie.net\/index.php\/2015\/11\/15\/40-lecie-parafii-pakosc-kalwaria\/#breadcrumb"},"inLanguage":"pl-PL","potentialAction":[{"@type":"ReadAction","target":["https:\/\/pakosc-kalwaria.franciszkanie.net\/index.php\/2015\/11\/15\/40-lecie-parafii-pakosc-kalwaria\/"]}]},{"@type":"BreadcrumbList","@id":"https:\/\/pakosc-kalwaria.franciszkanie.net\/index.php\/2015\/11\/15\/40-lecie-parafii-pakosc-kalwaria\/#breadcrumb","itemListElement":[{"@type":"ListItem","position":1,"name":"Strona g\u0142\u00f3wna","item":"https:\/\/pakosc-kalwaria.franciszkanie.net\/"},{"@type":"ListItem","position":2,"name":"40-lecie Parafii &#8211; Pako\u015b\u0107 Kalwaria 2015"}]},{"@type":"Person","@id":"https:\/\/pakosc-kalwaria.franciszkanie.net\/#\/schema\/person\/af10b943be0760709227d060eadcb2aa","name":"pakosc-kalwaria","image":{"@type":"ImageObject","@id":"https:\/\/pakosc-kalwaria.franciszkanie.net\/#personlogo","inLanguage":"pl-PL","url":"https:\/\/secure.gravatar.com\/avatar\/e7049d338b55eac6a0027ff3218b8d02?s=96&d=mm&r=g","contentUrl":"https:\/\/secure.gravatar.com\/avatar\/e7049d338b55eac6a0027ff3218b8d02?s=96&d=mm&r=g","caption":"pakosc-kalwaria"},"sameAs":["https:\/\/www.facebook.com\/KalwariaPakosc\/"],"url":"https:\/\/pakosc-kalwaria.franciszkanie.net\/index.php\/author\/pakosc-kalwaria\/"}]}},"_links":{"self":[{"href":"https:\/\/pakosc-kalwaria.franciszkanie.net\/index.php\/wp-json\/wp\/v2\/posts\/724"}],"collection":[{"href":"https:\/\/pakosc-kalwaria.franciszkanie.net\/index.php\/wp-json\/wp\/v2\/posts"}],"about":[{"href":"https:\/\/pakosc-kalwaria.franciszkanie.net\/index.php\/wp-json\/wp\/v2\/types\/post"}],"author":[{"embeddable":true,"href":"https:\/\/pakosc-kalwaria.franciszkanie.net\/index.php\/wp-json\/wp\/v2\/users\/2"}],"replies":[{"embeddable":true,"href":"https:\/\/pakosc-kalwaria.franciszkanie.net\/index.php\/wp-json\/wp\/v2\/comments?post=724"}],"version-history":[{"count":2,"href":"https:\/\/pakosc-kalwaria.franciszkanie.net\/index.php\/wp-json\/wp\/v2\/posts\/724\/revisions"}],"predecessor-version":[{"id":766,"href":"https:\/\/pakosc-kalwaria.franciszkanie.net\/index.php\/wp-json\/wp\/v2\/posts\/724\/revisions\/766"}],"wp:featuredmedia":[{"embeddable":true,"href":"https:\/\/pakosc-kalwaria.franciszkanie.net\/index.php\/wp-json\/wp\/v2\/media\/725"}],"wp:attachment":[{"href":"https:\/\/pakosc-kalwaria.franciszkanie.net\/index.php\/wp-json\/wp\/v2\/media?parent=724"}],"wp:term":[{"taxonomy":"category","embeddable":true,"href":"https:\/\/pakosc-kalwaria.franciszkanie.net\/index.php\/wp-json\/wp\/v2\/categories?post=724"},{"taxonomy":"post_tag","embeddable":true,"href":"https:\/\/pakosc-kalwaria.franciszkanie.net\/index.php\/wp-json\/wp\/v2\/tags?post=724"}],"curies":[{"name":"wp","href":"https:\/\/api.w.org\/{rel}","templated":true}]}}