{"id":737,"date":"2009-04-09T19:49:30","date_gmt":"2009-04-09T17:49:30","guid":{"rendered":"http:\/\/pakosc-kalwaria.franciszkanie.net\/?p=737"},"modified":"2019-10-17T15:55:14","modified_gmt":"2019-10-17T13:55:14","slug":"obchody-kalwarii-swiete-triduum","status":"publish","type":"post","link":"https:\/\/pakosc-kalwaria.franciszkanie.net\/index.php\/2009\/04\/09\/obchody-kalwarii-swiete-triduum\/","title":{"rendered":"Obchody na Kalwarii  w \u015awi\u0119te Triduum 2009"},"content":{"rendered":"<p>Najwa\u017cniejsze i najwi\u0119ksze celebracje Obchod\u00f3w na Kalwarii Pakoskiej maj\u0105 miejsce noc\u0105 z Wielkiego Czwartku na Wielki Pi\u0105tek. O godzinie 18.00 w ko\u015bciele \u015bw. Bonawentury celebrowana jest Msza \u015bwi\u0119ta Wieczerzy Pa\u0144skiej, a potem, o godzinie 20.00, rozpoczyna si\u0119 pierwsza cz\u0119\u015b\u0107 Obchod\u00f3w &#8211; Droga Pojmania.<\/p>\n<p>Po modlitwie wst\u0119pnej i wzbudzeniu intencji prze\u017cywania M\u0119ki Pana i zyskania odpust\u00f3w przypisanych do celebracji, wyrusza procesja, ze \u015bpiewem pie\u015bni Rozmy\u015blajmy dzi\u015b wierni chrze\u015bcijanie, do pierwszej kaplicy &#8211; Wieczernika, gdzie po wys\u0142uchaniu fragmentu Pisma \u015awi\u0119tego, odmawiane s\u0105 modlitwy zwi\u0105zane ze wspominan\u0105 tu tajemnic\u0105 Ustanowienia Eucharystii, Ojcze nasz, Zdrowa\u015b Maryjo i wezwanie. Nast\u0119puje procesja do kolejnej stacji. Przy ka\u017cdej kaplicy &#8211; stacji ryt jest taki sam. Podczas tej pierwszej cz\u0119\u015bci Obchod\u00f3w nawiedzane s\u0105 kaplice: Wieczernik, Po\u017cegnanie z Matk\u0105, Ogr\u00f3d oliwny, Judasz, Potok Cedron, Brama jerozolimska, Annasz, Kajfasz &#8211; Wi\u0119zienie. Przy tej ostatniej kaplicy oko\u0142o godziny 23 ko\u0144czy si\u0119 celebracja Drogi Pojmania od\u015bpiewaniem &#8222;Pie\u015bni na dobranoc Panu Jezusowi&#8221;.<br \/>\n<strong><br \/>\nO godzinie 3.00 <\/strong>w nocy, \u015bpiewem pie\u015bni &#8222;Na dzie\u0144 dobry Panu Jezusowi&#8221;, rozpoczyna si\u0119 druga cze\u015b\u0107 celebracji Droga M\u0119ki,a pierwsz\u0105 stacj\u0105 jest Tajemnica Wyprowadzenie z wi\u0119zienia. Nast\u0119pnie nawiedzane s\u0105 kaplice: Pi\u0142at &#8211; oskar\u017cenie; Herod; Pi\u0142at &#8211; Jezus skazany na biczowanie, Biczowanie, Ukoronowanie cierniow\u0105 koron\u0105, Umycie r\u0105k, Oto Cz\u0142owiek, Skazanie na \u015bmier\u0107; W\u0142o\u017cenie krzy\u017ca, Pierwszy upadek, Spotkanie z Matk\u0105, Szymon z Cyreny, Weronika, Drugi upadek, Pobo\u017cne niewiasty, Trzeci upadek, Obna\u017cenie z szat, Przybicie do krzy\u017ca, \u015amier\u0107 na krzy\u017cu, Zdj\u0119cie z krzy\u017ca, Z\u0142o\u017cenie do Grobu.<\/p>\n<p>Wed\u0142ug niepisanej tradycji przekazywanej z pokolenia na pokolenie, wierni winni uczestniczy\u0107 w obydwu cz\u0119\u015bciach Obchod\u00f3w, Drodze Pojmania i Drodze M\u0119ki.<br \/>\nUczestniczenie tylko w pierwszej cz\u0119\u015bci znaczy\u0142oby pozostawienie Jezusa opuszczonego w Wi\u0119zieniu.<\/p>\n","protected":false},"excerpt":{"rendered":"<p>Najwa\u017cniejsze i najwi\u0119ksze celebracje Obchod\u00f3w na Kalwarii Pakoskiej maj\u0105 miejsce noc\u0105 z Wielkiego Czwartku na Wielki Pi\u0105tek. O godzinie 18.00 w ko\u015bciele \u015bw. Bonawentury celebrowana jest Msza \u015bwi\u0119ta Wieczerzy Pa\u0144skiej, a potem, o godzinie 20.00, rozpoczyna si\u0119 pierwsza cz\u0119\u015b\u0107 Obchod\u00f3w &#8211; Droga Pojmania. Po modlitwie wst\u0119pnej i wzbudzeniu intencji prze\u017cywania M\u0119ki Pana i zyskania odpust\u00f3w &hellip;<\/p>\n","protected":false},"author":2,"featured_media":738,"comment_status":"closed","ping_status":"open","sticky":false,"template":"","format":"standard","meta":{"_mi_skip_tracking":false,"_exactmetrics_sitenote_active":false,"_exactmetrics_sitenote_note":"","_exactmetrics_sitenote_category":0},"categories":[1],"tags":[],"yoast_head":"<!-- This site is optimized with the Yoast SEO plugin v18.1 - https:\/\/yoast.com\/wordpress\/plugins\/seo\/ -->\n<title>Obchody na Kalwarii w \u015awi\u0119te Triduum 2009 - Pako\u015b\u0107 \u2013 Kalwaria<\/title>\n<meta name=\"robots\" content=\"index, follow, max-snippet:-1, max-image-preview:large, max-video-preview:-1\" \/>\n<link rel=\"canonical\" href=\"https:\/\/pakosc-kalwaria.franciszkanie.net\/index.php\/2009\/04\/09\/obchody-kalwarii-swiete-triduum\/\" \/>\n<meta property=\"og:locale\" content=\"pl_PL\" \/>\n<meta property=\"og:type\" content=\"article\" \/>\n<meta property=\"og:title\" content=\"Obchody na Kalwarii w \u015awi\u0119te Triduum 2009 - Pako\u015b\u0107 \u2013 Kalwaria\" \/>\n<meta property=\"og:description\" content=\"Najwa\u017cniejsze i najwi\u0119ksze celebracje Obchod\u00f3w na Kalwarii Pakoskiej maj\u0105 miejsce noc\u0105 z Wielkiego Czwartku na Wielki Pi\u0105tek. O godzinie 18.00 w ko\u015bciele \u015bw. Bonawentury celebrowana jest Msza \u015bwi\u0119ta Wieczerzy Pa\u0144skiej, a potem, o godzinie 20.00, rozpoczyna si\u0119 pierwsza cz\u0119\u015b\u0107 Obchod\u00f3w &#8211; Droga Pojmania. Po modlitwie wst\u0119pnej i wzbudzeniu intencji prze\u017cywania M\u0119ki Pana i zyskania odpust\u00f3w &hellip;\" \/>\n<meta property=\"og:url\" content=\"https:\/\/pakosc-kalwaria.franciszkanie.net\/index.php\/2009\/04\/09\/obchody-kalwarii-swiete-triduum\/\" \/>\n<meta property=\"og:site_name\" content=\"Pako\u015b\u0107 \u2013 Kalwaria\" \/>\n<meta property=\"article:author\" content=\"https:\/\/www.facebook.com\/KalwariaPakosc\/\" \/>\n<meta property=\"article:published_time\" content=\"2009-04-09T17:49:30+00:00\" \/>\n<meta property=\"article:modified_time\" content=\"2019-10-17T13:55:14+00:00\" \/>\n<meta property=\"og:image\" content=\"https:\/\/pakosc-kalwaria.franciszkanie.net\/wp-content\/uploads\/2016\/10\/Triduum-Paschalene-2009.jpg\" \/>\n\t<meta property=\"og:image:width\" content=\"200\" \/>\n\t<meta property=\"og:image:height\" content=\"135\" \/>\n\t<meta property=\"og:image:type\" content=\"image\/jpeg\" \/>\n<meta name=\"twitter:card\" content=\"summary\" \/>\n<meta name=\"twitter:label1\" content=\"Napisane przez\" \/>\n\t<meta name=\"twitter:data1\" content=\"pakosc-kalwaria\" \/>\n\t<meta name=\"twitter:label2\" content=\"Szacowany czas czytania\" \/>\n\t<meta name=\"twitter:data2\" content=\"2 minuty\" \/>\n<script type=\"application\/ld+json\" class=\"yoast-schema-graph\">{\"@context\":\"https:\/\/schema.org\",\"@graph\":[{\"@type\":\"WebSite\",\"@id\":\"https:\/\/pakosc-kalwaria.franciszkanie.net\/#website\",\"url\":\"https:\/\/pakosc-kalwaria.franciszkanie.net\/\",\"name\":\"Pako\u015b\u0107 \u2013 Kalwaria\",\"description\":\"Parafia Rzymsko \u2013 Katolicka p.w. Pana Jezusa Ukrzy\u017cowanego i  Matki Bo\u017cej Bolesnej ul. Barci\u0144ska 60, 88\u2013170 Pako\u015b\u0107 \u2013 Kalwaria\",\"potentialAction\":[{\"@type\":\"SearchAction\",\"target\":{\"@type\":\"EntryPoint\",\"urlTemplate\":\"https:\/\/pakosc-kalwaria.franciszkanie.net\/?s={search_term_string}\"},\"query-input\":\"required name=search_term_string\"}],\"inLanguage\":\"pl-PL\"},{\"@type\":\"ImageObject\",\"@id\":\"https:\/\/pakosc-kalwaria.franciszkanie.net\/index.php\/2009\/04\/09\/obchody-kalwarii-swiete-triduum\/#primaryimage\",\"inLanguage\":\"pl-PL\",\"url\":\"https:\/\/pakosc-kalwaria.franciszkanie.net\/wp-content\/uploads\/2016\/10\/Triduum-Paschalene-2009.jpg\",\"contentUrl\":\"https:\/\/pakosc-kalwaria.franciszkanie.net\/wp-content\/uploads\/2016\/10\/Triduum-Paschalene-2009.jpg\",\"width\":200,\"height\":135},{\"@type\":\"WebPage\",\"@id\":\"https:\/\/pakosc-kalwaria.franciszkanie.net\/index.php\/2009\/04\/09\/obchody-kalwarii-swiete-triduum\/#webpage\",\"url\":\"https:\/\/pakosc-kalwaria.franciszkanie.net\/index.php\/2009\/04\/09\/obchody-kalwarii-swiete-triduum\/\",\"name\":\"Obchody na Kalwarii w \u015awi\u0119te Triduum 2009 - Pako\u015b\u0107 \u2013 Kalwaria\",\"isPartOf\":{\"@id\":\"https:\/\/pakosc-kalwaria.franciszkanie.net\/#website\"},\"primaryImageOfPage\":{\"@id\":\"https:\/\/pakosc-kalwaria.franciszkanie.net\/index.php\/2009\/04\/09\/obchody-kalwarii-swiete-triduum\/#primaryimage\"},\"datePublished\":\"2009-04-09T17:49:30+00:00\",\"dateModified\":\"2019-10-17T13:55:14+00:00\",\"author\":{\"@id\":\"https:\/\/pakosc-kalwaria.franciszkanie.net\/#\/schema\/person\/af10b943be0760709227d060eadcb2aa\"},\"breadcrumb\":{\"@id\":\"https:\/\/pakosc-kalwaria.franciszkanie.net\/index.php\/2009\/04\/09\/obchody-kalwarii-swiete-triduum\/#breadcrumb\"},\"inLanguage\":\"pl-PL\",\"potentialAction\":[{\"@type\":\"ReadAction\",\"target\":[\"https:\/\/pakosc-kalwaria.franciszkanie.net\/index.php\/2009\/04\/09\/obchody-kalwarii-swiete-triduum\/\"]}]},{\"@type\":\"BreadcrumbList\",\"@id\":\"https:\/\/pakosc-kalwaria.franciszkanie.net\/index.php\/2009\/04\/09\/obchody-kalwarii-swiete-triduum\/#breadcrumb\",\"itemListElement\":[{\"@type\":\"ListItem\",\"position\":1,\"name\":\"Strona g\u0142\u00f3wna\",\"item\":\"https:\/\/pakosc-kalwaria.franciszkanie.net\/\"},{\"@type\":\"ListItem\",\"position\":2,\"name\":\"Obchody na Kalwarii w \u015awi\u0119te Triduum 2009\"}]},{\"@type\":\"Person\",\"@id\":\"https:\/\/pakosc-kalwaria.franciszkanie.net\/#\/schema\/person\/af10b943be0760709227d060eadcb2aa\",\"name\":\"pakosc-kalwaria\",\"image\":{\"@type\":\"ImageObject\",\"@id\":\"https:\/\/pakosc-kalwaria.franciszkanie.net\/#personlogo\",\"inLanguage\":\"pl-PL\",\"url\":\"https:\/\/secure.gravatar.com\/avatar\/e7049d338b55eac6a0027ff3218b8d02?s=96&d=mm&r=g\",\"contentUrl\":\"https:\/\/secure.gravatar.com\/avatar\/e7049d338b55eac6a0027ff3218b8d02?s=96&d=mm&r=g\",\"caption\":\"pakosc-kalwaria\"},\"sameAs\":[\"https:\/\/www.facebook.com\/KalwariaPakosc\/\"],\"url\":\"https:\/\/pakosc-kalwaria.franciszkanie.net\/index.php\/author\/pakosc-kalwaria\/\"}]}<\/script>\n<!-- \/ Yoast SEO plugin. -->","yoast_head_json":{"title":"Obchody na Kalwarii w \u015awi\u0119te Triduum 2009 - Pako\u015b\u0107 \u2013 Kalwaria","robots":{"index":"index","follow":"follow","max-snippet":"max-snippet:-1","max-image-preview":"max-image-preview:large","max-video-preview":"max-video-preview:-1"},"canonical":"https:\/\/pakosc-kalwaria.franciszkanie.net\/index.php\/2009\/04\/09\/obchody-kalwarii-swiete-triduum\/","og_locale":"pl_PL","og_type":"article","og_title":"Obchody na Kalwarii w \u015awi\u0119te Triduum 2009 - Pako\u015b\u0107 \u2013 Kalwaria","og_description":"Najwa\u017cniejsze i najwi\u0119ksze celebracje Obchod\u00f3w na Kalwarii Pakoskiej maj\u0105 miejsce noc\u0105 z Wielkiego Czwartku na Wielki Pi\u0105tek. O godzinie 18.00 w ko\u015bciele \u015bw. Bonawentury celebrowana jest Msza \u015bwi\u0119ta Wieczerzy Pa\u0144skiej, a potem, o godzinie 20.00, rozpoczyna si\u0119 pierwsza cz\u0119\u015b\u0107 Obchod\u00f3w &#8211; Droga Pojmania. Po modlitwie wst\u0119pnej i wzbudzeniu intencji prze\u017cywania M\u0119ki Pana i zyskania odpust\u00f3w &hellip;","og_url":"https:\/\/pakosc-kalwaria.franciszkanie.net\/index.php\/2009\/04\/09\/obchody-kalwarii-swiete-triduum\/","og_site_name":"Pako\u015b\u0107 \u2013 Kalwaria","article_author":"https:\/\/www.facebook.com\/KalwariaPakosc\/","article_published_time":"2009-04-09T17:49:30+00:00","article_modified_time":"2019-10-17T13:55:14+00:00","og_image":[{"width":200,"height":135,"url":"https:\/\/pakosc-kalwaria.franciszkanie.net\/wp-content\/uploads\/2016\/10\/Triduum-Paschalene-2009.jpg","type":"image\/jpeg"}],"twitter_card":"summary","twitter_misc":{"Napisane przez":"pakosc-kalwaria","Szacowany czas czytania":"2 minuty"},"schema":{"@context":"https:\/\/schema.org","@graph":[{"@type":"WebSite","@id":"https:\/\/pakosc-kalwaria.franciszkanie.net\/#website","url":"https:\/\/pakosc-kalwaria.franciszkanie.net\/","name":"Pako\u015b\u0107 \u2013 Kalwaria","description":"Parafia Rzymsko \u2013 Katolicka p.w. Pana Jezusa Ukrzy\u017cowanego i  Matki Bo\u017cej Bolesnej ul. Barci\u0144ska 60, 88\u2013170 Pako\u015b\u0107 \u2013 Kalwaria","potentialAction":[{"@type":"SearchAction","target":{"@type":"EntryPoint","urlTemplate":"https:\/\/pakosc-kalwaria.franciszkanie.net\/?s={search_term_string}"},"query-input":"required name=search_term_string"}],"inLanguage":"pl-PL"},{"@type":"ImageObject","@id":"https:\/\/pakosc-kalwaria.franciszkanie.net\/index.php\/2009\/04\/09\/obchody-kalwarii-swiete-triduum\/#primaryimage","inLanguage":"pl-PL","url":"https:\/\/pakosc-kalwaria.franciszkanie.net\/wp-content\/uploads\/2016\/10\/Triduum-Paschalene-2009.jpg","contentUrl":"https:\/\/pakosc-kalwaria.franciszkanie.net\/wp-content\/uploads\/2016\/10\/Triduum-Paschalene-2009.jpg","width":200,"height":135},{"@type":"WebPage","@id":"https:\/\/pakosc-kalwaria.franciszkanie.net\/index.php\/2009\/04\/09\/obchody-kalwarii-swiete-triduum\/#webpage","url":"https:\/\/pakosc-kalwaria.franciszkanie.net\/index.php\/2009\/04\/09\/obchody-kalwarii-swiete-triduum\/","name":"Obchody na Kalwarii w \u015awi\u0119te Triduum 2009 - Pako\u015b\u0107 \u2013 Kalwaria","isPartOf":{"@id":"https:\/\/pakosc-kalwaria.franciszkanie.net\/#website"},"primaryImageOfPage":{"@id":"https:\/\/pakosc-kalwaria.franciszkanie.net\/index.php\/2009\/04\/09\/obchody-kalwarii-swiete-triduum\/#primaryimage"},"datePublished":"2009-04-09T17:49:30+00:00","dateModified":"2019-10-17T13:55:14+00:00","author":{"@id":"https:\/\/pakosc-kalwaria.franciszkanie.net\/#\/schema\/person\/af10b943be0760709227d060eadcb2aa"},"breadcrumb":{"@id":"https:\/\/pakosc-kalwaria.franciszkanie.net\/index.php\/2009\/04\/09\/obchody-kalwarii-swiete-triduum\/#breadcrumb"},"inLanguage":"pl-PL","potentialAction":[{"@type":"ReadAction","target":["https:\/\/pakosc-kalwaria.franciszkanie.net\/index.php\/2009\/04\/09\/obchody-kalwarii-swiete-triduum\/"]}]},{"@type":"BreadcrumbList","@id":"https:\/\/pakosc-kalwaria.franciszkanie.net\/index.php\/2009\/04\/09\/obchody-kalwarii-swiete-triduum\/#breadcrumb","itemListElement":[{"@type":"ListItem","position":1,"name":"Strona g\u0142\u00f3wna","item":"https:\/\/pakosc-kalwaria.franciszkanie.net\/"},{"@type":"ListItem","position":2,"name":"Obchody na Kalwarii w \u015awi\u0119te Triduum 2009"}]},{"@type":"Person","@id":"https:\/\/pakosc-kalwaria.franciszkanie.net\/#\/schema\/person\/af10b943be0760709227d060eadcb2aa","name":"pakosc-kalwaria","image":{"@type":"ImageObject","@id":"https:\/\/pakosc-kalwaria.franciszkanie.net\/#personlogo","inLanguage":"pl-PL","url":"https:\/\/secure.gravatar.com\/avatar\/e7049d338b55eac6a0027ff3218b8d02?s=96&d=mm&r=g","contentUrl":"https:\/\/secure.gravatar.com\/avatar\/e7049d338b55eac6a0027ff3218b8d02?s=96&d=mm&r=g","caption":"pakosc-kalwaria"},"sameAs":["https:\/\/www.facebook.com\/KalwariaPakosc\/"],"url":"https:\/\/pakosc-kalwaria.franciszkanie.net\/index.php\/author\/pakosc-kalwaria\/"}]}},"_links":{"self":[{"href":"https:\/\/pakosc-kalwaria.franciszkanie.net\/index.php\/wp-json\/wp\/v2\/posts\/737"}],"collection":[{"href":"https:\/\/pakosc-kalwaria.franciszkanie.net\/index.php\/wp-json\/wp\/v2\/posts"}],"about":[{"href":"https:\/\/pakosc-kalwaria.franciszkanie.net\/index.php\/wp-json\/wp\/v2\/types\/post"}],"author":[{"embeddable":true,"href":"https:\/\/pakosc-kalwaria.franciszkanie.net\/index.php\/wp-json\/wp\/v2\/users\/2"}],"replies":[{"embeddable":true,"href":"https:\/\/pakosc-kalwaria.franciszkanie.net\/index.php\/wp-json\/wp\/v2\/comments?post=737"}],"version-history":[{"count":2,"href":"https:\/\/pakosc-kalwaria.franciszkanie.net\/index.php\/wp-json\/wp\/v2\/posts\/737\/revisions"}],"predecessor-version":[{"id":763,"href":"https:\/\/pakosc-kalwaria.franciszkanie.net\/index.php\/wp-json\/wp\/v2\/posts\/737\/revisions\/763"}],"wp:featuredmedia":[{"embeddable":true,"href":"https:\/\/pakosc-kalwaria.franciszkanie.net\/index.php\/wp-json\/wp\/v2\/media\/738"}],"wp:attachment":[{"href":"https:\/\/pakosc-kalwaria.franciszkanie.net\/index.php\/wp-json\/wp\/v2\/media?parent=737"}],"wp:term":[{"taxonomy":"category","embeddable":true,"href":"https:\/\/pakosc-kalwaria.franciszkanie.net\/index.php\/wp-json\/wp\/v2\/categories?post=737"},{"taxonomy":"post_tag","embeddable":true,"href":"https:\/\/pakosc-kalwaria.franciszkanie.net\/index.php\/wp-json\/wp\/v2\/tags?post=737"}],"curies":[{"name":"wp","href":"https:\/\/api.w.org\/{rel}","templated":true}]}}