{"id":842,"date":"2016-11-14T00:30:00","date_gmt":"2016-11-13T23:30:00","guid":{"rendered":"http:\/\/pakosc-kalwaria.franciszkanie.net\/?p=842"},"modified":"2016-11-18T08:23:55","modified_gmt":"2016-11-18T07:23:55","slug":"papieskie-intencje-apostolstwa-modlitwy-3","status":"publish","type":"post","link":"https:\/\/pakosc-kalwaria.franciszkanie.net\/index.php\/2016\/11\/14\/papieskie-intencje-apostolstwa-modlitwy-3\/","title":{"rendered":"Papieskie Intencje Apostolstwa Modlitwy"},"content":{"rendered":"<p><span style=\"color: #008000;\"><strong>Intencja powszechna (og\u00f3lna) na listopad:<\/strong><span style=\"color: #000000;\"> <strong>Aby kraje, kt\u00f3re przyjmuj\u0105 wielk\u0105 liczb\u0119 uchod\u017ac\u00f3w i uciekinier\u00f3w, by\u0142y wspierane w swoim wysi\u0142ku solidarno\u015bci.<\/strong><\/span><\/span><\/p>\n<p>Ogromny problem ludzkiej n\u0119dzy i\u00a0wygnania na skutek wojen i\u00a0gwa\u0142t\u00f3w w ostatnich latach budzi skrajne emocje: od naiwnych (politycznie poprawnych i\u00a0nierzadko bez realnego wyczucia postaw) po pe\u0142ne samaryta\u0144skiej lito\u015bci (zazwyczaj nienag\u0142o\u015bnione medialnie) ofiarne wspieranie bli\u017anich w\u00a0ich katastrofalnej sytuacji. Interesowne, wielkie si\u0142y tego \u015bwiata, kt\u00f3re prowokuj\u0105 wojny i\u00a0przemoc, ukazuj\u0105 przy tym fa\u0142szywe oblicze i\u00a0pozorn\u0105 trosk\u0119 obliczon\u0105 na wyzysk i\u00a0osobist\u0105 korzy\u015b\u0107. Zakon jezuit\u00f3w prze\u017cywa\u0142 co\u015b podobnego, gdy chodzi\u0142o o\u00a0redukcje paragwajskie. Podobnie nasza Ojczyzna do\u015bwiadcza\u0142a bolesnego rozdarcia, gdy zaborcy zagarn\u0119li nasz kraj, gdy walcz\u0105cych o\u00a0wolno\u015b\u0107 bohater\u00f3w okrutnie prze\u015bladowano. Tak\u017ce w\u00a0p\u00f3\u017aniejszych okresach naszych dziej\u00f3w wielu Polak\u00f3w musia\u0142o ucieka\u0107 z\u00a0okupowanej Ojczyzny, gdy\u017c niemo\u017cliwe by\u0142o w\u00a0niej przetrwa\u0107. Wtedy inne pa\u0144stwa udziela\u0142y nam go\u015bciny i\u00a0wsparcia.<\/p>\n<p>Ka\u017cdy cz\u0142owiek, jak uczy Biblia, stworzony jest na obraz Bo\u017cy, i\u00a0Stw\u00f3rca nie cofa swego mi\u0142osiernego spojrzenia na ludzi nawet wtedy, gdy marnotrawne dzieci sprzeciwiaj\u0105 si\u0119 swojemu Ojcu. Papie\u017c Franciszek jest bardzo czu\u0142y na t\u0119 ogromn\u0105 n\u0119dz\u0119 ludzi, kt\u00f3rzy uciekaj\u0105 z\u00a0w\u0142asnej Ojczyzny, by prze\u017cy\u0107 zagro\u017cenia \u2013 nawet je\u015bli nie s\u0105 katolikami. W\u00a0ten spos\u00f3b staje si\u0119 dla wszystkich niejako prorokiem prowadz\u0105cym do wyzwolenia niczym Moj\u017cesz. Dzia\u0142a tak nie na mocy jakich\u015b politycznych interes\u00f3w, ale na mocy mi\u0142osierdzia p\u0142yn\u0105cego od Chrystusa, kt\u00f3ry wszystkich pragn\u0105\u0142 zjednoczy\u0107 pod swoim krzy\u017cem. To Bo\u017ce mi\u0142osierdzie chce podnie\u015b\u0107 nawet wrog\u00f3w Ko\u015bcio\u0142a, tak\u017ce tych, kt\u00f3rzy wykorzystuj\u0105 uchod\u017ac\u00f3w i\u00a0uciekinier\u00f3w do swoich ob\u0142udnych gier, kt\u00f3rzy nierzadko, okazuj\u0105c pozorowan\u0105 lito\u015b\u0107, nie potrafi\u0105 jej okaza\u0107 swoim ziomkom lub s\u0105siadom, powo\u0142uj\u0105c si\u0119 przy tym na autorytet papie\u017ca.<\/p>\n<p>Id\u0105c za wezwaniem ojca \u015bwi\u0119tego Franciszka, m\u00f3dlmy si\u0119 za wszystkich, kt\u00f3rzy wykazuj\u0105 ludzk\u0105 solidarno\u015b\u0107 wobec uchod\u017ac\u00f3w i\u00a0uciekinier\u00f3w, aby nie brak\u0142o im si\u0142 w\u00a0tak szlachetnej pomocy; m\u00f3dlmy si\u0119 tak\u017ce za wierz\u0105cych, aby zachowywali si\u0119 na miar\u0119 prawdziwych uczni\u00f3w Chrystusa, kt\u00f3ry ka\u017cdego chce wyzwoli\u0107 z\u00a0sieci z\u0142a.<\/p>\n<p><span style=\"color: #008000;\"><strong><br \/>\n<span style=\"color: #008000;\">Intencja ewangelizacyjna (misyjna) na listopad<\/span><\/strong>: <span style=\"color: #000000;\"><strong>Aby w parafiach kap\u0142ani i wierni \u015bwieccy wsp\u00f3\u0142pracowali w s\u0142u\u017cbie wsp\u00f3lnoty, nie ulegaj\u0105c pokusie zniech\u0119cenia.<\/strong><\/span><\/span><\/p>\n<p>W\u00a0tym miesi\u0105cu jako miejsce ewangelizacji Ojciec \u015awi\u0119ty wskazuje nam parafie. Konkretniej: wsp\u00f3\u0142prac\u0119 ksi\u0119\u017cy ze \u015bwieckimi. R\u00f3\u017cnie to wygl\u0105da w\u00a0r\u00f3\u017cnych krajach. Tam, gdzie jeden ksi\u0105dz obs\u0142uguje kilka ko\u015bcio\u0142\u00f3w, \u017cywotno\u015b\u0107 duszpasterstwa zale\u017cy od \u015bwieckich. Kap\u0142an zaradza potrzebom sakramentalnym, o\u00a0reszt\u0119 dbaj\u0105 sami parafianie. na gotowe, wybieraj\u0105c, co dany kap\u0142an mo\u017ce zaoferowa\u0107. Wtedy mo\u017ce i\u00a0mamy frekwencj\u0119, ale nie mamy wsp\u00f3lnoty.<\/p>\n<p>Po trzech latach pos\u0142ugi proboszcza w\u00a0parafii Ducha \u015awi\u0119tego w\u00a0Nowym S\u0105czu wiem, \u017ce ludzie s\u0105 ch\u0119tni do pomocy. Co wi\u0119cej, sami wychodz\u0105 z\u00a0inicjatyw\u0105. Wystarczy j\u0105 podj\u0105\u0107. Przyk\u0142ad? Parafialne akcje bo\u017conarodzeniowe i\u00a0wielkanocne. Gdy w\u00a0kasie Caritas brak\u0142o funduszy na pomoc, sami parafianie wymy\u015blili, \u017ce zrobi\u0105 szopki z\u00a0piernika, zam\u00f3wi\u0105 nasze bombki, zrobi\u0105 stroiki i\u00a0pisanki. Efekt? Ka\u017cdorazowo po 7-8 tysi\u0119cy z\u0142otych dla najbardziej potrzebuj\u0105cych. W\u00a0skali makro mo\u017ce to i\u00a0niewiele, ale na nasze potrzeby wystarcza. Tym bardziej, \u017ce na letnie wyjazdy dzieci kilkana\u015bcie tysi\u0119cy generuje w\u00a0ca\u0142o\u015bci organizowany przez \u015bwieckich festyn parafialny. Wystarczy chcie\u0107 co\u015b zrobi\u0107 w\u00a0s\u0142u\u017cbie wsp\u00f3lnoty i\u00a0nie zniech\u0119ca\u0107 si\u0119, gdy pojawi\u0105 si\u0119 trudno\u015bci.<\/p>\n<p>\u015awi\u0119ta Katarzyna Drexel, Amerykanka z\u00a0bogatej rodziny, chcia\u0142a zmienia\u0107 losy Indian. Pojecha\u0142a nawet do Rzymu i\u00a0prosi\u0142a Leona XIII o\u00a0misjonarzy. Papie\u017c zapyta\u0142 j\u0105 wtedy: <em>A\u00a0co z\u00a0tob\u0105? Co zamierzasz<\/em> <em>zrobi\u0107? <\/em>Te s\u0142owa tak na ni\u0105 wp\u0142yn\u0119\u0142y, \u017ce sama zosta\u0142a misjonark\u0105. Dobrze, by ka\u017cdy, komu le\u017cy na sercu los parafii, zada\u0142 sobie to pytanie: <em>A\u00a0co z\u00a0tob\u0105?<\/em><\/p>\n","protected":false},"excerpt":{"rendered":"<p>Intencja powszechna (og\u00f3lna) na listopad: Aby kraje, kt\u00f3re przyjmuj\u0105 wielk\u0105 liczb\u0119 uchod\u017ac\u00f3w i uciekinier\u00f3w, by\u0142y wspierane w swoim wysi\u0142ku solidarno\u015bci. Ogromny problem ludzkiej n\u0119dzy i\u00a0wygnania na skutek wojen i\u00a0gwa\u0142t\u00f3w w ostatnich latach budzi skrajne emocje: od naiwnych (politycznie poprawnych i\u00a0nierzadko bez realnego wyczucia postaw) po pe\u0142ne samaryta\u0144skiej lito\u015bci (zazwyczaj nienag\u0142o\u015bnione medialnie) ofiarne wspieranie bli\u017anich w\u00a0ich &hellip;<\/p>\n","protected":false},"author":2,"featured_media":410,"comment_status":"closed","ping_status":"open","sticky":false,"template":"","format":"standard","meta":{"_mi_skip_tracking":false,"_exactmetrics_sitenote_active":false,"_exactmetrics_sitenote_note":"","_exactmetrics_sitenote_category":0},"categories":[6],"tags":[],"yoast_head":"<!-- This site is optimized with the Yoast SEO plugin v18.1 - https:\/\/yoast.com\/wordpress\/plugins\/seo\/ -->\n<title>Papieskie Intencje Apostolstwa Modlitwy - Pako\u015b\u0107 \u2013 Kalwaria<\/title>\n<meta name=\"robots\" content=\"index, follow, max-snippet:-1, max-image-preview:large, max-video-preview:-1\" \/>\n<link rel=\"canonical\" href=\"https:\/\/pakosc-kalwaria.franciszkanie.net\/index.php\/2016\/11\/14\/papieskie-intencje-apostolstwa-modlitwy-3\/\" \/>\n<meta property=\"og:locale\" content=\"pl_PL\" \/>\n<meta property=\"og:type\" content=\"article\" \/>\n<meta property=\"og:title\" content=\"Papieskie Intencje Apostolstwa Modlitwy - Pako\u015b\u0107 \u2013 Kalwaria\" \/>\n<meta property=\"og:description\" content=\"Intencja powszechna (og\u00f3lna) na listopad: Aby kraje, kt\u00f3re przyjmuj\u0105 wielk\u0105 liczb\u0119 uchod\u017ac\u00f3w i uciekinier\u00f3w, by\u0142y wspierane w swoim wysi\u0142ku solidarno\u015bci. Ogromny problem ludzkiej n\u0119dzy i\u00a0wygnania na skutek wojen i\u00a0gwa\u0142t\u00f3w w ostatnich latach budzi skrajne emocje: od naiwnych (politycznie poprawnych i\u00a0nierzadko bez realnego wyczucia postaw) po pe\u0142ne samaryta\u0144skiej lito\u015bci (zazwyczaj nienag\u0142o\u015bnione medialnie) ofiarne wspieranie bli\u017anich w\u00a0ich &hellip;\" \/>\n<meta property=\"og:url\" content=\"https:\/\/pakosc-kalwaria.franciszkanie.net\/index.php\/2016\/11\/14\/papieskie-intencje-apostolstwa-modlitwy-3\/\" \/>\n<meta property=\"og:site_name\" content=\"Pako\u015b\u0107 \u2013 Kalwaria\" \/>\n<meta property=\"article:author\" content=\"https:\/\/www.facebook.com\/KalwariaPakosc\/\" \/>\n<meta property=\"article:published_time\" content=\"2016-11-13T23:30:00+00:00\" \/>\n<meta property=\"article:modified_time\" content=\"2016-11-18T07:23:55+00:00\" \/>\n<meta property=\"og:image\" content=\"https:\/\/pakosc-kalwaria.franciszkanie.net\/wp-content\/uploads\/2016\/08\/papa-francesco.jpg\" \/>\n\t<meta property=\"og:image:width\" content=\"800\" \/>\n\t<meta property=\"og:image:height\" content=\"534\" \/>\n\t<meta property=\"og:image:type\" content=\"image\/jpeg\" \/>\n<meta name=\"twitter:card\" content=\"summary\" \/>\n<meta name=\"twitter:label1\" content=\"Napisane przez\" \/>\n\t<meta name=\"twitter:data1\" content=\"pakosc-kalwaria\" \/>\n\t<meta name=\"twitter:label2\" content=\"Szacowany czas czytania\" \/>\n\t<meta name=\"twitter:data2\" content=\"4 minuty\" \/>\n<script type=\"application\/ld+json\" class=\"yoast-schema-graph\">{\"@context\":\"https:\/\/schema.org\",\"@graph\":[{\"@type\":\"WebSite\",\"@id\":\"https:\/\/pakosc-kalwaria.franciszkanie.net\/#website\",\"url\":\"https:\/\/pakosc-kalwaria.franciszkanie.net\/\",\"name\":\"Pako\u015b\u0107 \u2013 Kalwaria\",\"description\":\"Parafia Rzymsko \u2013 Katolicka p.w. Pana Jezusa Ukrzy\u017cowanego i  Matki Bo\u017cej Bolesnej ul. Barci\u0144ska 60, 88\u2013170 Pako\u015b\u0107 \u2013 Kalwaria\",\"potentialAction\":[{\"@type\":\"SearchAction\",\"target\":{\"@type\":\"EntryPoint\",\"urlTemplate\":\"https:\/\/pakosc-kalwaria.franciszkanie.net\/?s={search_term_string}\"},\"query-input\":\"required name=search_term_string\"}],\"inLanguage\":\"pl-PL\"},{\"@type\":\"ImageObject\",\"@id\":\"https:\/\/pakosc-kalwaria.franciszkanie.net\/index.php\/2016\/11\/14\/papieskie-intencje-apostolstwa-modlitwy-3\/#primaryimage\",\"inLanguage\":\"pl-PL\",\"url\":\"https:\/\/pakosc-kalwaria.franciszkanie.net\/wp-content\/uploads\/2016\/08\/papa-francesco.jpg\",\"contentUrl\":\"https:\/\/pakosc-kalwaria.franciszkanie.net\/wp-content\/uploads\/2016\/08\/papa-francesco.jpg\",\"width\":800,\"height\":534},{\"@type\":\"WebPage\",\"@id\":\"https:\/\/pakosc-kalwaria.franciszkanie.net\/index.php\/2016\/11\/14\/papieskie-intencje-apostolstwa-modlitwy-3\/#webpage\",\"url\":\"https:\/\/pakosc-kalwaria.franciszkanie.net\/index.php\/2016\/11\/14\/papieskie-intencje-apostolstwa-modlitwy-3\/\",\"name\":\"Papieskie Intencje Apostolstwa Modlitwy - Pako\u015b\u0107 \u2013 Kalwaria\",\"isPartOf\":{\"@id\":\"https:\/\/pakosc-kalwaria.franciszkanie.net\/#website\"},\"primaryImageOfPage\":{\"@id\":\"https:\/\/pakosc-kalwaria.franciszkanie.net\/index.php\/2016\/11\/14\/papieskie-intencje-apostolstwa-modlitwy-3\/#primaryimage\"},\"datePublished\":\"2016-11-13T23:30:00+00:00\",\"dateModified\":\"2016-11-18T07:23:55+00:00\",\"author\":{\"@id\":\"https:\/\/pakosc-kalwaria.franciszkanie.net\/#\/schema\/person\/af10b943be0760709227d060eadcb2aa\"},\"breadcrumb\":{\"@id\":\"https:\/\/pakosc-kalwaria.franciszkanie.net\/index.php\/2016\/11\/14\/papieskie-intencje-apostolstwa-modlitwy-3\/#breadcrumb\"},\"inLanguage\":\"pl-PL\",\"potentialAction\":[{\"@type\":\"ReadAction\",\"target\":[\"https:\/\/pakosc-kalwaria.franciszkanie.net\/index.php\/2016\/11\/14\/papieskie-intencje-apostolstwa-modlitwy-3\/\"]}]},{\"@type\":\"BreadcrumbList\",\"@id\":\"https:\/\/pakosc-kalwaria.franciszkanie.net\/index.php\/2016\/11\/14\/papieskie-intencje-apostolstwa-modlitwy-3\/#breadcrumb\",\"itemListElement\":[{\"@type\":\"ListItem\",\"position\":1,\"name\":\"Strona g\u0142\u00f3wna\",\"item\":\"https:\/\/pakosc-kalwaria.franciszkanie.net\/\"},{\"@type\":\"ListItem\",\"position\":2,\"name\":\"Papieskie Intencje Apostolstwa Modlitwy\"}]},{\"@type\":\"Person\",\"@id\":\"https:\/\/pakosc-kalwaria.franciszkanie.net\/#\/schema\/person\/af10b943be0760709227d060eadcb2aa\",\"name\":\"pakosc-kalwaria\",\"image\":{\"@type\":\"ImageObject\",\"@id\":\"https:\/\/pakosc-kalwaria.franciszkanie.net\/#personlogo\",\"inLanguage\":\"pl-PL\",\"url\":\"https:\/\/secure.gravatar.com\/avatar\/e7049d338b55eac6a0027ff3218b8d02?s=96&d=mm&r=g\",\"contentUrl\":\"https:\/\/secure.gravatar.com\/avatar\/e7049d338b55eac6a0027ff3218b8d02?s=96&d=mm&r=g\",\"caption\":\"pakosc-kalwaria\"},\"sameAs\":[\"https:\/\/www.facebook.com\/KalwariaPakosc\/\"],\"url\":\"https:\/\/pakosc-kalwaria.franciszkanie.net\/index.php\/author\/pakosc-kalwaria\/\"}]}<\/script>\n<!-- \/ Yoast SEO plugin. -->","yoast_head_json":{"title":"Papieskie Intencje Apostolstwa Modlitwy - Pako\u015b\u0107 \u2013 Kalwaria","robots":{"index":"index","follow":"follow","max-snippet":"max-snippet:-1","max-image-preview":"max-image-preview:large","max-video-preview":"max-video-preview:-1"},"canonical":"https:\/\/pakosc-kalwaria.franciszkanie.net\/index.php\/2016\/11\/14\/papieskie-intencje-apostolstwa-modlitwy-3\/","og_locale":"pl_PL","og_type":"article","og_title":"Papieskie Intencje Apostolstwa Modlitwy - Pako\u015b\u0107 \u2013 Kalwaria","og_description":"Intencja powszechna (og\u00f3lna) na listopad: Aby kraje, kt\u00f3re przyjmuj\u0105 wielk\u0105 liczb\u0119 uchod\u017ac\u00f3w i uciekinier\u00f3w, by\u0142y wspierane w swoim wysi\u0142ku solidarno\u015bci. Ogromny problem ludzkiej n\u0119dzy i\u00a0wygnania na skutek wojen i\u00a0gwa\u0142t\u00f3w w ostatnich latach budzi skrajne emocje: od naiwnych (politycznie poprawnych i\u00a0nierzadko bez realnego wyczucia postaw) po pe\u0142ne samaryta\u0144skiej lito\u015bci (zazwyczaj nienag\u0142o\u015bnione medialnie) ofiarne wspieranie bli\u017anich w\u00a0ich &hellip;","og_url":"https:\/\/pakosc-kalwaria.franciszkanie.net\/index.php\/2016\/11\/14\/papieskie-intencje-apostolstwa-modlitwy-3\/","og_site_name":"Pako\u015b\u0107 \u2013 Kalwaria","article_author":"https:\/\/www.facebook.com\/KalwariaPakosc\/","article_published_time":"2016-11-13T23:30:00+00:00","article_modified_time":"2016-11-18T07:23:55+00:00","og_image":[{"width":800,"height":534,"url":"https:\/\/pakosc-kalwaria.franciszkanie.net\/wp-content\/uploads\/2016\/08\/papa-francesco.jpg","type":"image\/jpeg"}],"twitter_card":"summary","twitter_misc":{"Napisane przez":"pakosc-kalwaria","Szacowany czas czytania":"4 minuty"},"schema":{"@context":"https:\/\/schema.org","@graph":[{"@type":"WebSite","@id":"https:\/\/pakosc-kalwaria.franciszkanie.net\/#website","url":"https:\/\/pakosc-kalwaria.franciszkanie.net\/","name":"Pako\u015b\u0107 \u2013 Kalwaria","description":"Parafia Rzymsko \u2013 Katolicka p.w. Pana Jezusa Ukrzy\u017cowanego i  Matki Bo\u017cej Bolesnej ul. Barci\u0144ska 60, 88\u2013170 Pako\u015b\u0107 \u2013 Kalwaria","potentialAction":[{"@type":"SearchAction","target":{"@type":"EntryPoint","urlTemplate":"https:\/\/pakosc-kalwaria.franciszkanie.net\/?s={search_term_string}"},"query-input":"required name=search_term_string"}],"inLanguage":"pl-PL"},{"@type":"ImageObject","@id":"https:\/\/pakosc-kalwaria.franciszkanie.net\/index.php\/2016\/11\/14\/papieskie-intencje-apostolstwa-modlitwy-3\/#primaryimage","inLanguage":"pl-PL","url":"https:\/\/pakosc-kalwaria.franciszkanie.net\/wp-content\/uploads\/2016\/08\/papa-francesco.jpg","contentUrl":"https:\/\/pakosc-kalwaria.franciszkanie.net\/wp-content\/uploads\/2016\/08\/papa-francesco.jpg","width":800,"height":534},{"@type":"WebPage","@id":"https:\/\/pakosc-kalwaria.franciszkanie.net\/index.php\/2016\/11\/14\/papieskie-intencje-apostolstwa-modlitwy-3\/#webpage","url":"https:\/\/pakosc-kalwaria.franciszkanie.net\/index.php\/2016\/11\/14\/papieskie-intencje-apostolstwa-modlitwy-3\/","name":"Papieskie Intencje Apostolstwa Modlitwy - Pako\u015b\u0107 \u2013 Kalwaria","isPartOf":{"@id":"https:\/\/pakosc-kalwaria.franciszkanie.net\/#website"},"primaryImageOfPage":{"@id":"https:\/\/pakosc-kalwaria.franciszkanie.net\/index.php\/2016\/11\/14\/papieskie-intencje-apostolstwa-modlitwy-3\/#primaryimage"},"datePublished":"2016-11-13T23:30:00+00:00","dateModified":"2016-11-18T07:23:55+00:00","author":{"@id":"https:\/\/pakosc-kalwaria.franciszkanie.net\/#\/schema\/person\/af10b943be0760709227d060eadcb2aa"},"breadcrumb":{"@id":"https:\/\/pakosc-kalwaria.franciszkanie.net\/index.php\/2016\/11\/14\/papieskie-intencje-apostolstwa-modlitwy-3\/#breadcrumb"},"inLanguage":"pl-PL","potentialAction":[{"@type":"ReadAction","target":["https:\/\/pakosc-kalwaria.franciszkanie.net\/index.php\/2016\/11\/14\/papieskie-intencje-apostolstwa-modlitwy-3\/"]}]},{"@type":"BreadcrumbList","@id":"https:\/\/pakosc-kalwaria.franciszkanie.net\/index.php\/2016\/11\/14\/papieskie-intencje-apostolstwa-modlitwy-3\/#breadcrumb","itemListElement":[{"@type":"ListItem","position":1,"name":"Strona g\u0142\u00f3wna","item":"https:\/\/pakosc-kalwaria.franciszkanie.net\/"},{"@type":"ListItem","position":2,"name":"Papieskie Intencje Apostolstwa Modlitwy"}]},{"@type":"Person","@id":"https:\/\/pakosc-kalwaria.franciszkanie.net\/#\/schema\/person\/af10b943be0760709227d060eadcb2aa","name":"pakosc-kalwaria","image":{"@type":"ImageObject","@id":"https:\/\/pakosc-kalwaria.franciszkanie.net\/#personlogo","inLanguage":"pl-PL","url":"https:\/\/secure.gravatar.com\/avatar\/e7049d338b55eac6a0027ff3218b8d02?s=96&d=mm&r=g","contentUrl":"https:\/\/secure.gravatar.com\/avatar\/e7049d338b55eac6a0027ff3218b8d02?s=96&d=mm&r=g","caption":"pakosc-kalwaria"},"sameAs":["https:\/\/www.facebook.com\/KalwariaPakosc\/"],"url":"https:\/\/pakosc-kalwaria.franciszkanie.net\/index.php\/author\/pakosc-kalwaria\/"}]}},"_links":{"self":[{"href":"https:\/\/pakosc-kalwaria.franciszkanie.net\/index.php\/wp-json\/wp\/v2\/posts\/842"}],"collection":[{"href":"https:\/\/pakosc-kalwaria.franciszkanie.net\/index.php\/wp-json\/wp\/v2\/posts"}],"about":[{"href":"https:\/\/pakosc-kalwaria.franciszkanie.net\/index.php\/wp-json\/wp\/v2\/types\/post"}],"author":[{"embeddable":true,"href":"https:\/\/pakosc-kalwaria.franciszkanie.net\/index.php\/wp-json\/wp\/v2\/users\/2"}],"replies":[{"embeddable":true,"href":"https:\/\/pakosc-kalwaria.franciszkanie.net\/index.php\/wp-json\/wp\/v2\/comments?post=842"}],"version-history":[{"count":8,"href":"https:\/\/pakosc-kalwaria.franciszkanie.net\/index.php\/wp-json\/wp\/v2\/posts\/842\/revisions"}],"predecessor-version":[{"id":924,"href":"https:\/\/pakosc-kalwaria.franciszkanie.net\/index.php\/wp-json\/wp\/v2\/posts\/842\/revisions\/924"}],"wp:featuredmedia":[{"embeddable":true,"href":"https:\/\/pakosc-kalwaria.franciszkanie.net\/index.php\/wp-json\/wp\/v2\/media\/410"}],"wp:attachment":[{"href":"https:\/\/pakosc-kalwaria.franciszkanie.net\/index.php\/wp-json\/wp\/v2\/media?parent=842"}],"wp:term":[{"taxonomy":"category","embeddable":true,"href":"https:\/\/pakosc-kalwaria.franciszkanie.net\/index.php\/wp-json\/wp\/v2\/categories?post=842"},{"taxonomy":"post_tag","embeddable":true,"href":"https:\/\/pakosc-kalwaria.franciszkanie.net\/index.php\/wp-json\/wp\/v2\/tags?post=842"}],"curies":[{"name":"wp","href":"https:\/\/api.w.org\/{rel}","templated":true}]}}